{"id":699,"date":"2020-12-29T11:58:54","date_gmt":"2020-12-29T11:58:54","guid":{"rendered":"http:\/\/motylarnia.org\/?p=699"},"modified":"2021-01-03T11:17:07","modified_gmt":"2021-01-03T11:17:07","slug":"motylarnia-osrodek-terapii","status":"publish","type":"post","link":"https:\/\/motylarnia.org\/index.php\/2020\/12\/29\/motylarnia-osrodek-terapii\/","title":{"rendered":"Motylarnia O\u015brodek Terapii"},"content":{"rendered":"\t\t<div data-elementor-type=\"wp-post\" data-elementor-id=\"699\" class=\"elementor elementor-699\">\n\t\t\t\t\t\t<section class=\"elementor-section elementor-top-section elementor-element elementor-element-6bdc29e elementor-section-boxed elementor-section-height-default elementor-section-height-default\" data-id=\"6bdc29e\" data-element_type=\"section\">\n\t\t\t\t\t\t<div class=\"elementor-container elementor-column-gap-default\">\n\t\t\t\t\t<div class=\"elementor-column elementor-col-100 elementor-top-column elementor-element elementor-element-7e6a75a\" data-id=\"7e6a75a\" data-element_type=\"column\">\n\t\t\t<div class=\"elementor-widget-wrap\">\n\t\t\t\t\t\t\t<\/div>\n\t\t<\/div>\n\t\t\t\t\t<\/div>\n\t\t<\/section>\n\t\t\t\t<section class=\"elementor-section elementor-top-section elementor-element elementor-element-e6da031 elementor-section-boxed elementor-section-height-default elementor-section-height-default\" data-id=\"e6da031\" data-element_type=\"section\">\n\t\t\t\t\t\t<div class=\"elementor-container elementor-column-gap-default\">\n\t\t\t\t\t<div class=\"elementor-column elementor-col-100 elementor-top-column elementor-element elementor-element-107664a\" data-id=\"107664a\" data-element_type=\"column\">\n\t\t\t<div class=\"elementor-widget-wrap elementor-element-populated\">\n\t\t\t\t\t\t<div class=\"elementor-element elementor-element-a3911ed elementor-widget elementor-widget-spacer\" data-id=\"a3911ed\" data-element_type=\"widget\" data-widget_type=\"spacer.default\">\n\t\t\t\t<div class=\"elementor-widget-container\">\n\t\t\t\t\t\t\t<div class=\"elementor-spacer\">\n\t\t\t<div class=\"elementor-spacer-inner\"><\/div>\n\t\t<\/div>\n\t\t\t\t\t\t<\/div>\n\t\t\t\t<\/div>\n\t\t\t\t<div class=\"elementor-element elementor-element-db76a6d elementor-widget elementor-widget-image\" data-id=\"db76a6d\" data-element_type=\"widget\" data-widget_type=\"image.default\">\n\t\t\t\t<div class=\"elementor-widget-container\">\n\t\t\t\t\t\t\t\t\t\t\t\t\t\t\t<img fetchpriority=\"high\" decoding=\"async\" width=\"960\" height=\"642\" src=\"https:\/\/motylarnia.org\/wp-content\/uploads\/2020\/12\/osrodek.jpg\" class=\"attachment-large size-large wp-image-633\" alt=\"\" srcset=\"https:\/\/motylarnia.org\/wp-content\/uploads\/2020\/12\/osrodek.jpg 960w, https:\/\/motylarnia.org\/wp-content\/uploads\/2020\/12\/osrodek-300x201.jpg 300w, https:\/\/motylarnia.org\/wp-content\/uploads\/2020\/12\/osrodek-768x514.jpg 768w\" sizes=\"(max-width: 960px) 100vw, 960px\" \/>\t\t\t\t\t\t\t\t\t\t\t\t\t\t\t<\/div>\n\t\t\t\t<\/div>\n\t\t\t\t\t<\/div>\n\t\t<\/div>\n\t\t\t\t\t<\/div>\n\t\t<\/section>\n\t\t\t\t<section class=\"elementor-section elementor-top-section elementor-element elementor-element-598ff17 elementor-section-boxed elementor-section-height-default elementor-section-height-default\" data-id=\"598ff17\" data-element_type=\"section\">\n\t\t\t\t\t\t<div class=\"elementor-container elementor-column-gap-default\">\n\t\t\t\t\t<div class=\"elementor-column elementor-col-100 elementor-top-column elementor-element elementor-element-4f8c538\" data-id=\"4f8c538\" data-element_type=\"column\">\n\t\t\t<div class=\"elementor-widget-wrap elementor-element-populated\">\n\t\t\t\t\t\t<div class=\"elementor-element elementor-element-0c38772 elementor-widget elementor-widget-text-editor\" data-id=\"0c38772\" data-element_type=\"widget\" data-widget_type=\"text-editor.default\">\n\t\t\t\t<div class=\"elementor-widget-container\">\n\t\t\t\t\t\t\t\t\t<p class=\"p1\"><b>Motylarnia O\u015brodek Terapii jest\u00a0plac\u00f3wk\u0105 wsparcia dziennego dofinansowan\u0105 przez Miasto Pozna\u0144:<\/b><\/p><ul class=\"ul1\"><li class=\"li1\">poprzez zaj\u0119cia\u00a0<b>socjoterapeutyczne, arteterapeutyczne<\/b>\u00a0oraz \u00a0sportowe \u00a0wspomaga wszechstronny rozw\u00f3j dziecka<\/li><li class=\"li1\">grupy prowadzi \u00a0zesp\u00f3\u0142 wychowawc\u00f3w\/socjoterapeut\u00f3w kt\u00f3rzy s\u0105 do\u015bwiadczonymi\u00a0<b>psychologami i pedagogami<\/b><\/li><li class=\"li1\">oferta \u00a0jest \u00a0skierowana \u00a0do \u00a0dzieci w \u00a0wieku\u00a0<b>7\u00a0 \u2013\u00a0 15 lat\u00a0<\/b>podzielonych \u00a0na \u00a0trzy \u00a0grupy \u00a0wiekowe (7-9, 10-11, 12-15)<\/li><li class=\"li1\">w \u00a0roku \u00a0szkolnym \u015bwietlica otwarta jest od poniedzia\u0142ku do pi\u0105tku w godzinach\u00a0<b>14:30\u00a0\u2013\u00a018:30.<\/b><\/li><li class=\"li1\">w ferie zimowe i wakacje prowadzimy atrakcyjne zaj\u0119cia i wyj\u015bcia w ramach p\u00f3\u0142kolonii<\/li><\/ul><p class=\"p1\"><b>Podczas zaj\u0119\u0107 grupowych w formie zabawy i warsztatu dzieci maj\u0105 okazj\u0119 do:<\/b><\/p><ul class=\"ul1\"><li class=\"li1\">rozpoznawania i wzmacniania swoich mocnych stron i talent\u00f3w<\/li><li class=\"li1\">rozwijania swoich umiej\u0119tno\u015bci spo\u0142ecznych \u00a0w \u00a0relacji \u00a0z \u00a0grup\u0105 r\u00f3wie\u015bnik\u00f3w oraz z doros\u0142ymi (np. rozwi\u0105zywanie konflikt\u00f3w, radzenie sobie z trudnymi emocjami, asertywno\u015b\u0107)<\/li><li class=\"li1\">odkrywania i rozwoju swoich zdolno\u015bci tw\u00f3rczych<\/li><li class=\"li1\">nawi\u0105zywania i rozwoju trwa\u0142ych przyja\u017ani (jako alternatywa dla przynale\u017cno\u015bci do zagra\u017caj\u0105cych grup)<\/li><li class=\"li1\">sp\u0119dzania\u00a0 czasu\u00a0 w \u00a0tw\u00f3rczy, \u00a0bezpieczny \u00a0i \u00a0aktywny \u00a0spos\u00f3b<\/li><li class=\"li1\">nadrabiania zaleg\u0142o\u015bci szkolnych przy wsparciu wychowawc\u00f3w i wolontariuszy<\/li><\/ul><p class=\"p1\"><b>\u00a0Wsparcie naszej plac\u00f3wki kierujemy do nast\u0119puj\u0105cych os\u00f3b:<\/b><\/p><ul class=\"ul1\"><li class=\"li1\">dzieci do\u015bwiadczaj\u0105ce trudno\u015bci w funkcjonowaniu emocjonalnym i spo\u0142ecznym w domu i\/lub w szkole<\/li><li class=\"li1\">dzieci i m\u0142odzie\u017c, z rodzin w kt\u00f3rych pojawi\u0142y si\u0119 problemy zwi\u0105zane z nadu\u017cywaniem alkoholu i innych u\u017cywek<\/li><li class=\"li1\">dzieci i m\u0142odzie\u017c, kt\u00f3rych szczeg\u00f3lna sytuacja rodzinna wymaga, aby otrzymywa\u0142y dodatkowe wsparcie<\/li><li class=\"li1\">dzieci, kt\u00f3re do\u015bwiadczy\u0142y sytuacji krzywdzenia<\/li><li class=\"li1\">nasz\u0105 pomoc\u0105 obejmujemy ca\u0142\u0105 rodzin\u0119 dlatego prowadzimy r\u00f3wnie\u017c cykliczne\u00a0<b>konsultacje i spotkania warsztatowe dla rodzic\u00f3w i opiekun\u00f3w dzieci!<\/b><\/li><\/ul><p class=\"p1\"><b>Wsparciem projektu\u00a0obj\u0119ci s\u0105\u00a0 mieszka\u0144cy miasta Poznania<\/b><\/p><p class=\"p1\"><b>Pomoc \u015bwiadczona przez plac\u00f3wk\u0119 jest nieodp\u0142atna<\/b><\/p><p class=\"p1\">email:\u00a0<a href=\"mailto:fundacja@motylarnia.org\">fundacja@motylarnia.org<\/a><\/p><p class=\"p1\"><a href=\"https:\/\/www.facebook.com\/Motylarnia.Osrodek\" target=\"_blank\" rel=\"noopener\">facebook.com\/Motylarnia.Osrodek<\/a><\/p><p class=\"p1\">oraz kana\u0142 na youtube:\u00a0<a href=\"https:\/\/www.youtube.com\/user\/Motylarnia\" target=\"_blank\" rel=\"noopener\">youtube.com\/user\/Motylarnia<\/a><\/p><p class=\"p1\">Projekt \u201eMotylarnia \u2013 Rozwi\u0144 Skrzyd\u0142a!\u201d zosta\u0142 dofinansowany ze \u015brodk\u00f3w bud\u017cetowych Miasta Poznania.<\/p>\t\t\t\t\t\t\t\t<\/div>\n\t\t\t\t<\/div>\n\t\t\t\t<div class=\"elementor-element elementor-element-eb5d706 elementor-widget elementor-widget-image\" data-id=\"eb5d706\" data-element_type=\"widget\" data-widget_type=\"image.default\">\n\t\t\t\t<div class=\"elementor-widget-container\">\n\t\t\t\t\t\t\t\t\t\t\t\t\t\t\t<img decoding=\"async\" width=\"300\" height=\"100\" src=\"https:\/\/motylarnia.org\/wp-content\/uploads\/2020\/12\/poznan-1.png\" class=\"attachment-full size-full wp-image-733\" alt=\"\" \/>\t\t\t\t\t\t\t\t\t\t\t\t\t\t\t<\/div>\n\t\t\t\t<\/div>\n\t\t\t\t\t<\/div>\n\t\t<\/div>\n\t\t\t\t\t<\/div>\n\t\t<\/section>\n\t\t\t\t<\/div>\n\t\t","protected":false},"excerpt":{"rendered":"<p>Motylarnia O\u015brodek Terapii jest\u00a0plac\u00f3wk\u0105 wsparcia dziennego dofinansowan\u0105 przez Miasto Pozna\u0144: poprzez zaj\u0119cia\u00a0socjoterapeutyczne, arteterapeutyczne\u00a0oraz \u00a0sportowe \u00a0wspomaga wszechstronny rozw\u00f3j dziecka grupy prowadzi \u00a0zesp\u00f3\u0142 wychowawc\u00f3w\/socjoterapeut\u00f3w kt\u00f3rzy s\u0105 do\u015bwiadczonymi\u00a0psychologami i pedagogami oferta \u00a0jest \u00a0skierowana \u00a0do \u00a0dzieci w \u00a0wieku\u00a07\u00a0 \u2013\u00a0 15 lat\u00a0podzielonych \u00a0na \u00a0trzy \u00a0grupy \u00a0wiekowe (7-9, 10-11, 12-15) w \u00a0roku \u00a0szkolnym \u015bwietlica otwarta jest od poniedzia\u0142ku do pi\u0105tku w [&hellip;]<\/p>\n","protected":false},"author":1,"featured_media":633,"comment_status":"closed","ping_status":"open","sticky":false,"template":"full-width.php","format":"standard","meta":{"_acf_changed":false,"footnotes":""},"categories":[1],"tags":[],"class_list":["post-699","post","type-post","status-publish","format-standard","has-post-thumbnail","hentry","category-uncategorized"],"acf":[],"_links":{"self":[{"href":"https:\/\/motylarnia.org\/index.php\/wp-json\/wp\/v2\/posts\/699","targetHints":{"allow":["GET"]}}],"collection":[{"href":"https:\/\/motylarnia.org\/index.php\/wp-json\/wp\/v2\/posts"}],"about":[{"href":"https:\/\/motylarnia.org\/index.php\/wp-json\/wp\/v2\/types\/post"}],"author":[{"embeddable":true,"href":"https:\/\/motylarnia.org\/index.php\/wp-json\/wp\/v2\/users\/1"}],"replies":[{"embeddable":true,"href":"https:\/\/motylarnia.org\/index.php\/wp-json\/wp\/v2\/comments?post=699"}],"version-history":[{"count":8,"href":"https:\/\/motylarnia.org\/index.php\/wp-json\/wp\/v2\/posts\/699\/revisions"}],"predecessor-version":[{"id":969,"href":"https:\/\/motylarnia.org\/index.php\/wp-json\/wp\/v2\/posts\/699\/revisions\/969"}],"wp:featuredmedia":[{"embeddable":true,"href":"https:\/\/motylarnia.org\/index.php\/wp-json\/wp\/v2\/media\/633"}],"wp:attachment":[{"href":"https:\/\/motylarnia.org\/index.php\/wp-json\/wp\/v2\/media?parent=699"}],"wp:term":[{"taxonomy":"category","embeddable":true,"href":"https:\/\/motylarnia.org\/index.php\/wp-json\/wp\/v2\/categories?post=699"},{"taxonomy":"post_tag","embeddable":true,"href":"https:\/\/motylarnia.org\/index.php\/wp-json\/wp\/v2\/tags?post=699"}],"curies":[{"name":"wp","href":"https:\/\/api.w.org\/{rel}","templated":true}]}}