{"id":706,"date":"2020-12-31T12:06:29","date_gmt":"2020-12-31T12:06:29","guid":{"rendered":"http:\/\/motylarnia.org\/?p=706"},"modified":"2021-01-06T15:29:00","modified_gmt":"2021-01-06T15:29:00","slug":"wzrastanie-poprzez-artedzialanie-inspirujace-spotkania-w-ramach-poznanskich-dni-rodziny-2020","status":"publish","type":"post","link":"https:\/\/motylarnia.org\/index.php\/2020\/12\/31\/wzrastanie-poprzez-artedzialanie-inspirujace-spotkania-w-ramach-poznanskich-dni-rodziny-2020\/","title":{"rendered":"WZRASTANIE POPRZEZ ARTEDZIA\u0141ANIE \u2013 inspiruj\u0105ce spotkania w ramach Pozna\u0144skich Dni Rodziny 2020"},"content":{"rendered":"\t\t<div data-elementor-type=\"wp-post\" data-elementor-id=\"706\" class=\"elementor elementor-706\">\n\t\t\t\t\t\t<section class=\"elementor-section elementor-top-section elementor-element elementor-element-c88bb94 elementor-section-boxed elementor-section-height-default elementor-section-height-default\" data-id=\"c88bb94\" data-element_type=\"section\">\n\t\t\t\t\t\t<div class=\"elementor-container elementor-column-gap-default\">\n\t\t\t\t\t<div class=\"elementor-column elementor-col-100 elementor-top-column elementor-element elementor-element-ecfdedf\" data-id=\"ecfdedf\" data-element_type=\"column\">\n\t\t\t<div class=\"elementor-widget-wrap elementor-element-populated\">\n\t\t\t\t\t\t<div class=\"elementor-element elementor-element-44409ff elementor-widget elementor-widget-spacer\" data-id=\"44409ff\" data-element_type=\"widget\" data-widget_type=\"spacer.default\">\n\t\t\t\t<div class=\"elementor-widget-container\">\n\t\t\t\t\t\t\t<div class=\"elementor-spacer\">\n\t\t\t<div class=\"elementor-spacer-inner\"><\/div>\n\t\t<\/div>\n\t\t\t\t\t\t<\/div>\n\t\t\t\t<\/div>\n\t\t\t\t<div class=\"elementor-element elementor-element-563ab6c elementor-widget elementor-widget-image\" data-id=\"563ab6c\" data-element_type=\"widget\" data-widget_type=\"image.default\">\n\t\t\t\t<div class=\"elementor-widget-container\">\n\t\t\t\t\t\t\t\t\t\t\t\t\t\t\t<img fetchpriority=\"high\" decoding=\"async\" width=\"880\" height=\"1024\" src=\"https:\/\/motylarnia.org\/wp-content\/uploads\/2020\/12\/blok-rysunkowy-karty-kolorowe.jpg\" class=\"attachment-large size-large wp-image-707\" alt=\"\" srcset=\"https:\/\/motylarnia.org\/wp-content\/uploads\/2020\/12\/blok-rysunkowy-karty-kolorowe.jpg 880w, https:\/\/motylarnia.org\/wp-content\/uploads\/2020\/12\/blok-rysunkowy-karty-kolorowe-258x300.jpg 258w, https:\/\/motylarnia.org\/wp-content\/uploads\/2020\/12\/blok-rysunkowy-karty-kolorowe-768x894.jpg 768w\" sizes=\"(max-width: 880px) 100vw, 880px\" \/>\t\t\t\t\t\t\t\t\t\t\t\t\t\t\t<\/div>\n\t\t\t\t<\/div>\n\t\t\t\t<div class=\"elementor-element elementor-element-9ab9c20 elementor-widget elementor-widget-spacer\" data-id=\"9ab9c20\" data-element_type=\"widget\" data-widget_type=\"spacer.default\">\n\t\t\t\t<div class=\"elementor-widget-container\">\n\t\t\t\t\t\t\t<div class=\"elementor-spacer\">\n\t\t\t<div class=\"elementor-spacer-inner\"><\/div>\n\t\t<\/div>\n\t\t\t\t\t\t<\/div>\n\t\t\t\t<\/div>\n\t\t\t\t<div class=\"elementor-element elementor-element-1fb94c8 elementor-widget elementor-widget-text-editor\" data-id=\"1fb94c8\" data-element_type=\"widget\" data-widget_type=\"text-editor.default\">\n\t\t\t\t<div class=\"elementor-widget-container\">\n\t\t\t\t\t\t\t\t\t<p class=\"p1\">Zadanie zak\u0142ada\u0142o wsparcie dzieci i ich rodzic\u00f3w w formie zada\u0144 arteterapeutycznych i spotka\u0144 online z terapeutkami z Motylarni O\u015brodka Terapii w ramach Pozna\u0144skich Dni Rodziny.<\/p><p class=\"p1\">Dzia\u0142anie by\u0142o odpowiedzi\u0105 na aktualne potrzeby rodzin z dzie\u0107mi, promuj\u0105c jednocze\u015bnie kreatywne podej\u015bcie do wsp\u00f3lnych aktywno\u015bci podejmowanych w parach Doros\u0142y + Dziecko.<\/p><p class=\"p2\">Cykl zaj\u0119\u0107 organizowanych przez specjalistki z Fundacji Rozwoju MOTYLARNIA proponowa\u0142 wsp\u00f3lne artystycznoterapeutyczne zadania, kt\u00f3re by\u0142y realizowane w oparciu o atrakcyjnie przedstawione scenariusze, by nast\u0119pnie podczas spotka\u0144 online pokaza\u0107, om\u00f3wi\u0107 i wyrazi\u0107 swoje refleksje \/ wra\u017cenia dotycz\u0105ce procesu tworzenia.<\/p><p class=\"p2\">Pozna\u0144ske Dni Rodziny 2020 r. by\u0142y doskona\u0142\u0105 okazj\u0105 na dotarcie do szerokiego grona odbiorc\u00f3w &#8211; czyli rodzin z dzie\u0107mi, kt\u00f3rzy by\u0107 mo\u017ce na co dzie\u0144 nie maj\u0105 okazji do\u015bwiadczy\u0107 takich aktywno\u015bci. Obecna sytuacja spo\u0142eczna stanowi\u0142a wyzwanie w podejmowaniu dzia\u0142a\u0144 s\u0142u\u017c\u0105cych wsparciu emocjonalnemu dzieci i m\u0142odzie\u017cy oraz ich rodzic\u00f3w.<\/p><p class=\"p1\">Nasza oferta mia\u0142a za zadanie nie tylko pobudzi\u0107 do kreatywno\u015bci i ekspresji artystycznej, lecz r\u00f3wnie\u017c stanowi\u0142a okazj\u0119 do odreagowania napi\u0119\u0107, wizualizowania l\u0119k\u00f3w i niepokoj\u00f3w, czy wreszcie wzmacnia relacje i komunikacj\u0119 w rodzinie.<\/p><p class=\"p1\">Sprawdzi\u0142o si\u0119, \u017ce osoby poszukuj\u0105ce inspiracji w ramach Pozna\u0144skich Dni Rodziny by\u0142y otwarte na korzystanie ze sprawdzonych zada\u0144, kt\u00f3re podobnie jak w do\u015bwiadczeniu pracy Motylarni otwiera\u0142y i pozwala\u0142y pom\u00f3c dzieciom w radzeniu sobie z trudnymi do\u015bwiadczeniami poprzez arteterapi\u0119.<\/p><p class=\"p1\">Pozna\u0144skie Dni Rodziny pozwoli\u0142y na dotarcie do innej grupy odbiorc\u00f3w ni\u017c dotychczasowa naszej fundacji, z oferty skorzysta\u0142y osoby, kt\u00f3re poszerzy\u0142y tym samym swoje do\u015bwiadczenie (w kontakcie z dzie\u0107mi oraz kreatywne dzia\u0142ania).<\/p><p class=\"p2\">Projekt pozwoli\u0142 na realizacj\u0119 9 scenariuszy i spotka\u0144 online w odst\u0119pach minimum tygodniowych (by\u0142y to kolejne \u015brody godz. 17.30 (pierwsze spotkanie online odby\u0142o si\u0119 27 maja 2020 r.).<\/p><p class=\"p1\">Spotkania online by\u0142y okazj\u0105 dla Rodzic\u00f3w, by skorzysta\u0107 ze wsparcia profesjonalistek w celu podzielenia si\u0119 swoimi do\u015bwiadczeniami, wra\u017ceniami czy w\u0105tpliwo\u015bciami (np. jak wspiera\u0107 dziecko w danej sytuacji, jak towarzyszy\u0107 dziecku w ekspresji siebie i jak wsp\u00f3lnie komunikowa\u0107 si\u0119 w dzia\u0142aniach artystycznych), jakie pojawi\u0142y si\u0119 w procesie realizacji kolejnych zada\u0144.<\/p><p class=\"p1\">W projekcie wzi\u0119\u0142o udzia\u0142 26 doros\u0142ych i 40 dzieci \u2013 forma zdalna pozwoli\u0142a na realizacj\u0119 zada\u0144 w dogodnym dla ka\u017cdej rodziny czasie, natomiast spotkania online by\u0142y okazj\u0105 do pokazania efekt\u00f3w dzia\u0142a\u0144 i podzielenia si\u0119 refleksjami na temat procesu tworzenia poszczeg\u00f3lnych zada\u0144. Dzi\u0119kujemy za ch\u0119\u0107 do rozwoju i entuzjazm os\u00f3b uczestnicz\u0105cych. <br \/>Do zobaczenia w ramach kolejnych inicjatyw artystycznych naszej fundacji, <br \/>mamy nadziej\u0119, \u017ce ju\u017c w kontakcie bezpo\u015brednim na \u017cywo <span class=\"s1\">\ud83d\ude0a<\/span><\/p><p class=\"p1\">Poni\u017cej galeria przyk\u0142adowych prac zrealizowanych w trakcie cyklu zaj\u0119\u0107 WZRASTANIE POPRZEZ ARTEDZIA\u0141ANIE &#8211; inspiruj\u0105ce spotkania w ramach Pozna\u0144skich Dni Rodziny 2020 r.<\/p>\t\t\t\t\t\t\t\t<\/div>\n\t\t\t\t<\/div>\n\t\t\t\t<div class=\"elementor-element elementor-element-a89a9ff elementor-widget elementor-widget-image\" data-id=\"a89a9ff\" data-element_type=\"widget\" data-widget_type=\"image.default\">\n\t\t\t\t<div class=\"elementor-widget-container\">\n\t\t\t\t\t\t\t\t\t\t\t\t\t\t\t<img decoding=\"async\" width=\"576\" height=\"1024\" src=\"https:\/\/motylarnia.org\/wp-content\/uploads\/2020\/12\/kolaz\u0307-caly1-576x1024.png\" class=\"attachment-large size-large wp-image-954\" alt=\"\" srcset=\"https:\/\/motylarnia.org\/wp-content\/uploads\/2020\/12\/kolaz\u0307-caly1-576x1024.png 576w, https:\/\/motylarnia.org\/wp-content\/uploads\/2020\/12\/kolaz\u0307-caly1-169x300.png 169w, https:\/\/motylarnia.org\/wp-content\/uploads\/2020\/12\/kolaz\u0307-caly1-768x1365.png 768w, https:\/\/motylarnia.org\/wp-content\/uploads\/2020\/12\/kolaz\u0307-caly1-864x1536.png 864w, https:\/\/motylarnia.org\/wp-content\/uploads\/2020\/12\/kolaz\u0307-caly1.png 1080w\" sizes=\"(max-width: 576px) 100vw, 576px\" \/>\t\t\t\t\t\t\t\t\t\t\t\t\t\t\t<\/div>\n\t\t\t\t<\/div>\n\t\t\t\t<div class=\"elementor-element elementor-element-b93a7ae elementor-widget elementor-widget-image-gallery\" data-id=\"b93a7ae\" data-element_type=\"widget\" data-widget_type=\"image-gallery.default\">\n\t\t\t\t<div class=\"elementor-widget-container\">\n\t\t\t\t\t\t\t<div class=\"elementor-image-gallery\">\n\t\t\t<div id='gallery-1' class='gallery galleryid-706 gallery-columns-4 gallery-size-thumbnail'><figure class='gallery-item'>\n\t\t\t<div class='gallery-icon landscape'>\n\t\t\t\t<a data-elementor-open-lightbox=\"yes\" data-elementor-lightbox-slideshow=\"b93a7ae\" data-elementor-lightbox-title=\"1\" data-e-action-hash=\"#elementor-action%3Aaction%3Dlightbox%26settings%3DeyJpZCI6MTAwOSwidXJsIjoiaHR0cHM6XC9cL21vdHlsYXJuaWEub3JnXC93cC1jb250ZW50XC91cGxvYWRzXC8yMDIxXC8wMVwvMS5wbmciLCJzbGlkZXNob3ciOiJiOTNhN2FlIn0%3D\" href='https:\/\/motylarnia.org\/wp-content\/uploads\/2021\/01\/1.png'><img decoding=\"async\" width=\"150\" height=\"150\" src=\"https:\/\/motylarnia.org\/wp-content\/uploads\/2021\/01\/1-150x150.png\" class=\"attachment-thumbnail size-thumbnail\" alt=\"\" srcset=\"https:\/\/motylarnia.org\/wp-content\/uploads\/2021\/01\/1-150x150.png 150w, https:\/\/motylarnia.org\/wp-content\/uploads\/2021\/01\/1-500x500.png 500w\" sizes=\"(max-width: 150px) 100vw, 150px\" \/><\/a>\n\t\t\t<\/div><\/figure><figure class='gallery-item'>\n\t\t\t<div class='gallery-icon landscape'>\n\t\t\t\t<a data-elementor-open-lightbox=\"yes\" data-elementor-lightbox-slideshow=\"b93a7ae\" data-elementor-lightbox-title=\"2\" data-e-action-hash=\"#elementor-action%3Aaction%3Dlightbox%26settings%3DeyJpZCI6MTAxMCwidXJsIjoiaHR0cHM6XC9cL21vdHlsYXJuaWEub3JnXC93cC1jb250ZW50XC91cGxvYWRzXC8yMDIxXC8wMVwvMi5wbmciLCJzbGlkZXNob3ciOiJiOTNhN2FlIn0%3D\" href='https:\/\/motylarnia.org\/wp-content\/uploads\/2021\/01\/2.png'><img loading=\"lazy\" decoding=\"async\" width=\"150\" height=\"150\" src=\"https:\/\/motylarnia.org\/wp-content\/uploads\/2021\/01\/2-150x150.png\" class=\"attachment-thumbnail size-thumbnail\" alt=\"\" srcset=\"https:\/\/motylarnia.org\/wp-content\/uploads\/2021\/01\/2-150x150.png 150w, https:\/\/motylarnia.org\/wp-content\/uploads\/2021\/01\/2-500x500.png 500w\" sizes=\"(max-width: 150px) 100vw, 150px\" \/><\/a>\n\t\t\t<\/div><\/figure><figure class='gallery-item'>\n\t\t\t<div class='gallery-icon landscape'>\n\t\t\t\t<a data-elementor-open-lightbox=\"yes\" data-elementor-lightbox-slideshow=\"b93a7ae\" data-elementor-lightbox-title=\"3\" data-e-action-hash=\"#elementor-action%3Aaction%3Dlightbox%26settings%3DeyJpZCI6MTAxMSwidXJsIjoiaHR0cHM6XC9cL21vdHlsYXJuaWEub3JnXC93cC1jb250ZW50XC91cGxvYWRzXC8yMDIxXC8wMVwvMy5wbmciLCJzbGlkZXNob3ciOiJiOTNhN2FlIn0%3D\" href='https:\/\/motylarnia.org\/wp-content\/uploads\/2021\/01\/3.png'><img loading=\"lazy\" decoding=\"async\" width=\"150\" height=\"150\" src=\"https:\/\/motylarnia.org\/wp-content\/uploads\/2021\/01\/3-150x150.png\" class=\"attachment-thumbnail size-thumbnail\" alt=\"\" srcset=\"https:\/\/motylarnia.org\/wp-content\/uploads\/2021\/01\/3-150x150.png 150w, https:\/\/motylarnia.org\/wp-content\/uploads\/2021\/01\/3-500x500.png 500w\" sizes=\"(max-width: 150px) 100vw, 150px\" \/><\/a>\n\t\t\t<\/div><\/figure><figure class='gallery-item'>\n\t\t\t<div class='gallery-icon landscape'>\n\t\t\t\t<a data-elementor-open-lightbox=\"yes\" data-elementor-lightbox-slideshow=\"b93a7ae\" data-elementor-lightbox-title=\"4\" data-e-action-hash=\"#elementor-action%3Aaction%3Dlightbox%26settings%3DeyJpZCI6MTAxMiwidXJsIjoiaHR0cHM6XC9cL21vdHlsYXJuaWEub3JnXC93cC1jb250ZW50XC91cGxvYWRzXC8yMDIxXC8wMVwvNC5wbmciLCJzbGlkZXNob3ciOiJiOTNhN2FlIn0%3D\" href='https:\/\/motylarnia.org\/wp-content\/uploads\/2021\/01\/4.png'><img loading=\"lazy\" decoding=\"async\" width=\"150\" height=\"150\" src=\"https:\/\/motylarnia.org\/wp-content\/uploads\/2021\/01\/4-150x150.png\" class=\"attachment-thumbnail size-thumbnail\" alt=\"\" srcset=\"https:\/\/motylarnia.org\/wp-content\/uploads\/2021\/01\/4-150x150.png 150w, https:\/\/motylarnia.org\/wp-content\/uploads\/2021\/01\/4-500x500.png 500w\" sizes=\"(max-width: 150px) 100vw, 150px\" \/><\/a>\n\t\t\t<\/div><\/figure><figure class='gallery-item'>\n\t\t\t<div class='gallery-icon landscape'>\n\t\t\t\t<a data-elementor-open-lightbox=\"yes\" data-elementor-lightbox-slideshow=\"b93a7ae\" data-elementor-lightbox-title=\"5\" data-e-action-hash=\"#elementor-action%3Aaction%3Dlightbox%26settings%3DeyJpZCI6MTAxMywidXJsIjoiaHR0cHM6XC9cL21vdHlsYXJuaWEub3JnXC93cC1jb250ZW50XC91cGxvYWRzXC8yMDIxXC8wMVwvNS5wbmciLCJzbGlkZXNob3ciOiJiOTNhN2FlIn0%3D\" href='https:\/\/motylarnia.org\/wp-content\/uploads\/2021\/01\/5.png'><img loading=\"lazy\" decoding=\"async\" width=\"150\" height=\"150\" src=\"https:\/\/motylarnia.org\/wp-content\/uploads\/2021\/01\/5-150x150.png\" class=\"attachment-thumbnail size-thumbnail\" alt=\"\" srcset=\"https:\/\/motylarnia.org\/wp-content\/uploads\/2021\/01\/5-150x150.png 150w, https:\/\/motylarnia.org\/wp-content\/uploads\/2021\/01\/5-500x500.png 500w\" sizes=\"(max-width: 150px) 100vw, 150px\" \/><\/a>\n\t\t\t<\/div><\/figure><figure class='gallery-item'>\n\t\t\t<div class='gallery-icon landscape'>\n\t\t\t\t<a data-elementor-open-lightbox=\"yes\" data-elementor-lightbox-slideshow=\"b93a7ae\" data-elementor-lightbox-title=\"6\" data-e-action-hash=\"#elementor-action%3Aaction%3Dlightbox%26settings%3DeyJpZCI6MTAxNCwidXJsIjoiaHR0cHM6XC9cL21vdHlsYXJuaWEub3JnXC93cC1jb250ZW50XC91cGxvYWRzXC8yMDIxXC8wMVwvNi5wbmciLCJzbGlkZXNob3ciOiJiOTNhN2FlIn0%3D\" href='https:\/\/motylarnia.org\/wp-content\/uploads\/2021\/01\/6.png'><img loading=\"lazy\" decoding=\"async\" width=\"150\" height=\"150\" src=\"https:\/\/motylarnia.org\/wp-content\/uploads\/2021\/01\/6-150x150.png\" class=\"attachment-thumbnail size-thumbnail\" alt=\"\" srcset=\"https:\/\/motylarnia.org\/wp-content\/uploads\/2021\/01\/6-150x150.png 150w, https:\/\/motylarnia.org\/wp-content\/uploads\/2021\/01\/6-500x500.png 500w\" sizes=\"(max-width: 150px) 100vw, 150px\" \/><\/a>\n\t\t\t<\/div><\/figure><figure class='gallery-item'>\n\t\t\t<div class='gallery-icon landscape'>\n\t\t\t\t<a data-elementor-open-lightbox=\"yes\" data-elementor-lightbox-slideshow=\"b93a7ae\" data-elementor-lightbox-title=\"7\" data-e-action-hash=\"#elementor-action%3Aaction%3Dlightbox%26settings%3DeyJpZCI6MTAxNSwidXJsIjoiaHR0cHM6XC9cL21vdHlsYXJuaWEub3JnXC93cC1jb250ZW50XC91cGxvYWRzXC8yMDIxXC8wMVwvNy5wbmciLCJzbGlkZXNob3ciOiJiOTNhN2FlIn0%3D\" href='https:\/\/motylarnia.org\/wp-content\/uploads\/2021\/01\/7.png'><img loading=\"lazy\" decoding=\"async\" width=\"150\" height=\"150\" src=\"https:\/\/motylarnia.org\/wp-content\/uploads\/2021\/01\/7-150x150.png\" class=\"attachment-thumbnail size-thumbnail\" alt=\"\" srcset=\"https:\/\/motylarnia.org\/wp-content\/uploads\/2021\/01\/7-150x150.png 150w, https:\/\/motylarnia.org\/wp-content\/uploads\/2021\/01\/7-500x500.png 500w\" sizes=\"(max-width: 150px) 100vw, 150px\" \/><\/a>\n\t\t\t<\/div><\/figure><figure class='gallery-item'>\n\t\t\t<div class='gallery-icon landscape'>\n\t\t\t\t<a data-elementor-open-lightbox=\"yes\" data-elementor-lightbox-slideshow=\"b93a7ae\" data-elementor-lightbox-title=\"8\" data-e-action-hash=\"#elementor-action%3Aaction%3Dlightbox%26settings%3DeyJpZCI6MTAxNiwidXJsIjoiaHR0cHM6XC9cL21vdHlsYXJuaWEub3JnXC93cC1jb250ZW50XC91cGxvYWRzXC8yMDIxXC8wMVwvOC5wbmciLCJzbGlkZXNob3ciOiJiOTNhN2FlIn0%3D\" href='https:\/\/motylarnia.org\/wp-content\/uploads\/2021\/01\/8.png'><img loading=\"lazy\" decoding=\"async\" width=\"150\" height=\"150\" src=\"https:\/\/motylarnia.org\/wp-content\/uploads\/2021\/01\/8-150x150.png\" class=\"attachment-thumbnail size-thumbnail\" alt=\"\" srcset=\"https:\/\/motylarnia.org\/wp-content\/uploads\/2021\/01\/8-150x150.png 150w, https:\/\/motylarnia.org\/wp-content\/uploads\/2021\/01\/8-500x500.png 500w\" sizes=\"(max-width: 150px) 100vw, 150px\" \/><\/a>\n\t\t\t<\/div><\/figure>\n\t\t<\/div>\n\t\t<\/div>\n\t\t\t\t\t\t<\/div>\n\t\t\t\t<\/div>\n\t\t\t\t<div class=\"elementor-element elementor-element-1710965 elementor-widget elementor-widget-text-editor\" data-id=\"1710965\" data-element_type=\"widget\" data-widget_type=\"text-editor.default\">\n\t\t\t\t<div class=\"elementor-widget-container\">\n\t\t\t\t\t\t\t\t\t<p class=\"p1\">Nasz projekt to wsparcie dzieci i ich rodzic\u00f3w w formie zada\u0144 arteterapeutycznych oraz spotka\u0144 online z terapeutkami z Motylarnii O\u015brodka Terapii.\u00a0<\/p><p class=\"p1\">Cykl 9 zaj\u0119\u0107 organizowanych przez specjalistki z Fundacji Rozwoju MOTYLARNIA to artystyczno-terapeutyczne zadania. S\u0105 one realizowane w oparciu o atrakcyjnie przedstawione scenariusze, by nast\u0119pnie podczas spotka\u0144 online m\u00f3c pokaza\u0107, om\u00f3wi\u0107 i wyrazi\u0107 swoje refleksje\/ wra\u017cenia dotycz\u0105ce procesu tworzenia.\u00a0<\/p><p class=\"p1\">Pozna\u0144skie Dni Rodziny, kt\u00f3re odbywaj\u0105 si\u0119 w dniach 15.05 \u2013 1.06 2020 r. s\u0105 zaproszeniem do wsp\u00f3lnych aktywno\u015bci w gronie rodziny.<\/p><p class=\"p1\">Nasza oferta ma za zadanie nie tylko pobudzi\u0107 do kreatywno\u015bci i ekspresji artystycznej, lecz r\u00f3wnie\u017c stanowi okazj\u0119 do odreagowania napi\u0119\u0107, wizualizowania l\u0119k\u00f3w i niepokoj\u00f3w, czy wreszcie wzmacnia relacje i komunikacj\u0119 w rodzinie.\u00a0<\/p><p class=\"p1\">Liczymy na to, \u017ce osoby poszukuj\u0105ce inspiracji w ramach Pozna\u0144skich Dni Rodziny b\u0119d\u0105 otwarte na korzystanie ze sprawdzonych zada\u0144, kt\u00f3re w do\u015bwiadczeniu pracy Motylarnii niejednokrotnie otwiera\u0142y i pozwala\u0142y pom\u00f3c dzieciom w radzeniu sobie z trudnymi do\u015bwiadczeniami poprzez arteterapi\u0119.<\/p><p class=\"p1\">Dzia\u0142anie zak\u0142ada 8 scenariuszy i\u00a0 9 spotka\u0144 online w odst\u0119pach minimum tygodniowych (kolejne \u015brody godz. 17.30, pierwsze spotkanie online 27 maja br.). Spotkania online s\u0105 okazj\u0105 dla Rodzic\u00f3w, by skorzysta\u0107 ze wsparcia profesjonalistek w celu podzielenia si\u0119 swoimi do\u015bwiadczeniami, wra\u017ceniami czy w\u0105tpliwo\u015bciami (np. jak wspiera\u0107 dziecko w danej sytuacji, jak towarzyszy\u0107 dziecku w ekspresji siebie i jak wsp\u00f3lnie komunikowa\u0107 si\u0119 w dzia\u0142aniach artystycznych), jakie pojawi\u0142y si\u0119 w procesie realizacji kolejnych zada\u0144. Ka\u017cde spotkanie jest otwarte dla os\u00f3b, kt\u00f3re zg\u0142osi\u0142y si\u0119 do udzia\u0142u w projekcie, jednocze\u015bnie na ka\u017cde spotkanie Rodzice deklaruj\u0105 swoj\u0105 obecno\u015b\u0107 (mailowo czy w komunikatorze), by zadba\u0107 o przestrze\u0144 w grupie do dyskusji.<\/p><p class=\"p1\">Zaj\u0119cia z arteterapii mog\u0105 by\u0107 ciekawym sposobem na sp\u0119dzenie wolnego czasu rodzic\u00f3w z dzie\u0107mi. Wsp\u00f3lna praca nad zadaniami jest alternatywn\u0105 form\u0105 kreatywnego sp\u0119dzania czasu razem w \u201erealnym\u201d \u015bwiecie.\u00a0<\/p><p class=\"p1\">Stwarza to niebywa\u0142\u0105 okazj\u0119 do lepszego poznania i rozumienia swojego dziecka\/dzieci. Samo tworzenie pracy jest do\u015bwiadczaniem wsp\u00f3lnoty, odkrywania siebie i poznawania innych.\u00a0<\/p><p class=\"p1\">Dzi\u0119ki zabawie, przyjemnym formom pracy, mo\u017cemy pom\u00f3c dzieciom odkrywa\u0107 ich wewn\u0119trzny \u015bwiat przed samymi sob\u0105 i innymi. Dzia\u0142ania artystyczne wyzwalaj\u0105 w uczestnikach warsztat\u00f3w wiele spontaniczno\u015bci i rado\u015bci, poprzez to, \u017ce skupiaj\u0105 si\u0119 na procesie tw\u00f3rczym. Jest to wszystko niezwykle wa\u017cne szczeg\u00f3lnie w czasie izolacji spo\u0142ecznej, kiedy dzieci i m\u0142odzie\u017c nie maj\u0105 mo\u017cliwo\u015bci, by swobodnie uczestniczy\u0107 w r\u00f3\u017cnych aktywno\u015bciach ze swoimi r\u00f3wie\u015bnikami.\u00a0<\/p><p class=\"p1\"><b>Miejsce realizacji<\/b><\/p><p class=\"p1\">Z perspektywy os\u00f3b uczestnicz\u0105cych dzia\u0142ania artystyczne realizowane s\u0105 w domach (ze wzgl\u0119du na sytuacj\u0119 epidemiologiczn\u0105 w regionie), a spotkania z prowadz\u0105cymi online na komunikatorze (ZOOM, dzia\u0142aj\u0105cy nawet w postaci linku). Stworzona zosta\u0142a r\u00f3wnie\u017c zamkni\u0119ta grupa na Facebooku (z linkami i scenariuszami oraz galeri\u0105).\u00a0<\/p><p class=\"p2\"><span class=\"s1\">Link do zamkni\u0119tej grupy otrzymaj\u0105 osoby ch\u0119tne na udzia\u0142 w zaj\u0119ciach po wype\u0142nieniu formularza zg\u0142oszeniowego:<a href=\"https:\/\/docs.google.com\/forms\/d\/e\/1FAIpQLScGOHkhFUey6ZnykqLlfgK48pVWeby3_SW3gFpz4FcdKZ3Zvw\/viewform?usp=sf_link\"> https:\/\/docs.google.com\/forms\/d\/e\/1FAIpQLScGOHkhFUey6ZnykqLlfgK48pVWeby3_SW3gFpz4FcdKZ3Zvw\/viewform?usp=sf_link<\/a><\/span><\/p><p class=\"p1\">Zapraszamy serdecznie Pa\u0144stwa do wsp\u00f3lnej aktywno\u015bci w artystycznych zadaniach podczas Pozna\u0144skich Dni Rodziny i pocz\u0105tku wakacji.<\/p><p class=\"p1\">Projekt trwa od 20 maja do 29 lipca 2020 r. i jest realizowany przez do\u015bwiadczony zesp\u00f3\u0142 terapeutek z MOTylarni O\u015brodka Terapii w Poznaniu.Projekt jest finansowany ze \u015brodk\u00f3w Miasta Poznania na realizacji zada\u0144 w obszarze \u201eDzia\u0142alno\u015b\u0107 na rzecz rodziny, macierzy\u0144stwa, rodzicielstwa, upowszechniania i ochrony praw dziecka\u201d \u2013 Pozna\u0144skie Dni Rodziny on-line 15.05 \u2013 01.06.2020 r.<\/p>\t\t\t\t\t\t\t\t<\/div>\n\t\t\t\t<\/div>\n\t\t\t\t<div class=\"elementor-element elementor-element-8e6ce91 elementor-widget elementor-widget-text-editor\" data-id=\"8e6ce91\" data-element_type=\"widget\" data-widget_type=\"text-editor.default\">\n\t\t\t\t<div class=\"elementor-widget-container\">\n\t\t\t\t\t\t\t\t\t<p class=\"p1\">Cykl warsztat\u00f3w jest dofinansowany ze \u015brodk\u00f3w bud\u017cetowych Miasta Poznania na wspieranie realizacji zada\u0144 Miasta Poznania w obszarze: DZIA\u0141ALNO\u015a\u0106 NA RZECZ RODZINY, MACIERZY\u0143STWA, RODZICIELSTWA, UPOWSZECHNIANIA I OCHRONY PRAW DZIECKA<\/p>\t\t\t\t\t\t\t\t<\/div>\n\t\t\t\t<\/div>\n\t\t\t\t<div class=\"elementor-element elementor-element-10e3701 elementor-widget elementor-widget-image\" data-id=\"10e3701\" data-element_type=\"widget\" data-widget_type=\"image.default\">\n\t\t\t\t<div class=\"elementor-widget-container\">\n\t\t\t\t\t\t\t\t\t\t\t\t\t\t\t<img loading=\"lazy\" decoding=\"async\" width=\"300\" height=\"100\" src=\"https:\/\/motylarnia.org\/wp-content\/uploads\/2020\/12\/poznan-1.png\" class=\"attachment-full size-full wp-image-733\" alt=\"\" \/>\t\t\t\t\t\t\t\t\t\t\t\t\t\t\t<\/div>\n\t\t\t\t<\/div>\n\t\t\t\t\t<\/div>\n\t\t<\/div>\n\t\t\t\t\t<\/div>\n\t\t<\/section>\n\t\t\t\t<\/div>\n\t\t","protected":false},"excerpt":{"rendered":"<p>Zadanie zak\u0142ada\u0142o wsparcie dzieci i ich rodzic\u00f3w w formie zada\u0144 arteterapeutycznych i spotka\u0144 online z terapeutkami z Motylarni O\u015brodka Terapii w ramach Pozna\u0144skich Dni Rodziny. Dzia\u0142anie by\u0142o odpowiedzi\u0105 na aktualne potrzeby rodzin z dzie\u0107mi, promuj\u0105c jednocze\u015bnie kreatywne podej\u015bcie do wsp\u00f3lnych aktywno\u015bci podejmowanych w parach Doros\u0142y + Dziecko. Cykl zaj\u0119\u0107 organizowanych przez specjalistki z Fundacji Rozwoju [&hellip;]<\/p>\n","protected":false},"author":1,"featured_media":707,"comment_status":"closed","ping_status":"open","sticky":false,"template":"full-width.php","format":"standard","meta":{"_acf_changed":false,"footnotes":""},"categories":[1],"tags":[],"class_list":["post-706","post","type-post","status-publish","format-standard","has-post-thumbnail","hentry","category-uncategorized"],"acf":[],"_links":{"self":[{"href":"https:\/\/motylarnia.org\/index.php\/wp-json\/wp\/v2\/posts\/706","targetHints":{"allow":["GET"]}}],"collection":[{"href":"https:\/\/motylarnia.org\/index.php\/wp-json\/wp\/v2\/posts"}],"about":[{"href":"https:\/\/motylarnia.org\/index.php\/wp-json\/wp\/v2\/types\/post"}],"author":[{"embeddable":true,"href":"https:\/\/motylarnia.org\/index.php\/wp-json\/wp\/v2\/users\/1"}],"replies":[{"embeddable":true,"href":"https:\/\/motylarnia.org\/index.php\/wp-json\/wp\/v2\/comments?post=706"}],"version-history":[{"count":22,"href":"https:\/\/motylarnia.org\/index.php\/wp-json\/wp\/v2\/posts\/706\/revisions"}],"predecessor-version":[{"id":1019,"href":"https:\/\/motylarnia.org\/index.php\/wp-json\/wp\/v2\/posts\/706\/revisions\/1019"}],"wp:featuredmedia":[{"embeddable":true,"href":"https:\/\/motylarnia.org\/index.php\/wp-json\/wp\/v2\/media\/707"}],"wp:attachment":[{"href":"https:\/\/motylarnia.org\/index.php\/wp-json\/wp\/v2\/media?parent=706"}],"wp:term":[{"taxonomy":"category","embeddable":true,"href":"https:\/\/motylarnia.org\/index.php\/wp-json\/wp\/v2\/categories?post=706"},{"taxonomy":"post_tag","embeddable":true,"href":"https:\/\/motylarnia.org\/index.php\/wp-json\/wp\/v2\/tags?post=706"}],"curies":[{"name":"wp","href":"https:\/\/api.w.org\/{rel}","templated":true}]}}